{"id":1780,"date":"2018-02-16T17:47:16","date_gmt":"2018-02-16T15:47:16","guid":{"rendered":"http:\/\/www.sz-kaethe.org\/?p=1780"},"modified":"2018-03-13T17:50:57","modified_gmt":"2018-03-13T15:50:57","slug":"was-ist-eigentlich-feminismus","status":"publish","type":"post","link":"https:\/\/sz-kaethe.org\/?p=1780","title":{"rendered":"Was ist eigentlich Feminismus?"},"content":{"rendered":"<p>Es existieren viele Mythen \u00fcber den Feminismus: Er sei \u201em\u00e4nnerfeindlich\u201c, wolle eine Herrschaft der Frauen* \u00fcber die M\u00e4nner* bewirken, w\u00fcrde vermeintliche Unterschiede zwischen Frauen* und M\u00e4nnern* verst\u00e4rken, statt zu reduzieren. Gerade in der letzten Zeit wird Feminismus immer wieder als Begr\u00fcndung f\u00fcr rassistische Argumentationen missbraucht. Oder er wird reduziert auf den b\u00fcrgerlichen Feminismus einer gr\u00f6\u00dftenteils wei\u00dfen und deutschen Mittelschicht. Doch Feminismus ist mehr. Feminismus hat eine lange historische Tradition. Femininstische Bewegungen existieren \u00fcberall auf der Welt. Feminismus ist nicht der Kampf wei\u00dfer, wohlhabender Frauen* f\u00fcr ihre Rechte, sondern ein Kampf um die Befreiung aller Menschen vom Sexismus und von den Zw\u00e4ngen der Geschlechter.<\/p>\n<p><em>Eine Referentin der Antifa-Jugend G\u00f6ttingen wird uns einen \u00dcberblick \u00fcber die Geschichte des Feminismus und wichtige Denkerinnen und ihre Theorien geben. Im Anschluss wollen wir \u00fcber Ansatzpunkte f\u00fcr aktuelle feministische K\u00e4mpfe diskutieren.<\/em><\/p>\n<p>Die Veranstaltung findet im Rahmen der Kampagne der Organisierten Linken Heilbronn (IL) und des Frauencaf\u00e9 Heilbronn zum Frauenkampftag 08. M\u00e4rz 2018 statt.<\/p>\n<p>&nbsp;<\/p>\n","protected":false},"excerpt":{"rendered":"<p>Es existieren viele Mythen \u00fcber den Feminismus: Er sei \u201em\u00e4nnerfeindlich\u201c, wolle eine Herrschaft der Frauen* \u00fcber die M\u00e4nner* bewirken, w\u00fcrde vermeintliche Unterschiede zwischen Frauen* und [&#8230;]<\/p>\n","protected":false},"author":1,"featured_media":1785,"comment_status":"closed","ping_status":"closed","sticky":false,"template":"","format":"standard","meta":{"footnotes":""},"categories":[18],"tags":[33,23,30,32],"class_list":["post-1780","post","type-post","status-publish","format-standard","has-post-thumbnail","hentry","category-archiv","tag-8-maerz","tag-feminismus","tag-frauenkampf","tag-frauenkampftag"],"_links":{"self":[{"href":"https:\/\/sz-kaethe.org\/index.php?rest_route=\/wp\/v2\/posts\/1780","targetHints":{"allow":["GET"]}}],"collection":[{"href":"https:\/\/sz-kaethe.org\/index.php?rest_route=\/wp\/v2\/posts"}],"about":[{"href":"https:\/\/sz-kaethe.org\/index.php?rest_route=\/wp\/v2\/types\/post"}],"author":[{"embeddable":true,"href":"https:\/\/sz-kaethe.org\/index.php?rest_route=\/wp\/v2\/users\/1"}],"replies":[{"embeddable":true,"href":"https:\/\/sz-kaethe.org\/index.php?rest_route=%2Fwp%2Fv2%2Fcomments&post=1780"}],"version-history":[{"count":0,"href":"https:\/\/sz-kaethe.org\/index.php?rest_route=\/wp\/v2\/posts\/1780\/revisions"}],"wp:featuredmedia":[{"embeddable":true,"href":"https:\/\/sz-kaethe.org\/index.php?rest_route=\/wp\/v2\/media\/1785"}],"wp:attachment":[{"href":"https:\/\/sz-kaethe.org\/index.php?rest_route=%2Fwp%2Fv2%2Fmedia&parent=1780"}],"wp:term":[{"taxonomy":"category","embeddable":true,"href":"https:\/\/sz-kaethe.org\/index.php?rest_route=%2Fwp%2Fv2%2Fcategories&post=1780"},{"taxonomy":"post_tag","embeddable":true,"href":"https:\/\/sz-kaethe.org\/index.php?rest_route=%2Fwp%2Fv2%2Ftags&post=1780"}],"curies":[{"name":"wp","href":"https:\/\/api.w.org\/{rel}","templated":true}]}}