{"id":1792,"date":"2018-03-13T17:57:04","date_gmt":"2018-03-13T15:57:04","guid":{"rendered":"http:\/\/www.sz-kaethe.org\/?p=1792"},"modified":"2019-01-30T12:42:45","modified_gmt":"2019-01-30T10:42:45","slug":"antifa-abend-der-organisierten-linken-heilbronn-il","status":"publish","type":"post","link":"https:\/\/sz-kaethe.org\/?p=1792","title":{"rendered":"Antifa-Abend"},"content":{"rendered":"<p>Der Antifa-Abend ist eine Anlaufstelle f\u00fcr alle die sich gegen Nazis und Rassisten engagieren wollen. In offener Runde informieren wir \u00fcber antifaschistische Mobilisierungen, planen gemeinsam Aktionen und diskutieren \u00fcber rassistische Aktivit\u00e4ten in unserer Region. Wer mit uns gegen Rassismus und Faschismus aktiv werden will, ist herzlich willkommen!<\/p>\n<p>Jeden 2. Dienstag im Monat um 19 Uhr im Sozialen Zentrum K\u00e4the (Wollhausstra\u00dfe 49, 74072 Heilbronn).<\/p>\n<p>Kommt vorbei und lasst uns gemeinsam aktiv werden!<\/p>\n<p>Weitere Infos auf<a href=\"https:\/\/www.facebook.com\/organisiertelinke\/\"> Facebook <\/a>oder auf der Homepage der <a href=\"http:\/\/www.ol-hn.org\">Organisierten Linken Heilbronn (IL)<\/a><\/p>\n","protected":false},"excerpt":{"rendered":"<p>Der Antifa-Abend ist eine Anlaufstelle f\u00fcr alle die sich gegen Nazis und Rassisten engagieren wollen. In offener Runde informieren wir \u00fcber antifaschistische Mobilisierungen, planen gemeinsam [&#8230;]<\/p>\n","protected":false},"author":1,"featured_media":1559,"comment_status":"closed","ping_status":"closed","sticky":false,"template":"","format":"standard","meta":{"footnotes":""},"categories":[18],"tags":[20,21,27,25,50,51,35],"class_list":["post-1792","post","type-post","status-publish","format-standard","has-post-thumbnail","hentry","category-archiv","tag-antifa","tag-antifaschismus","tag-antira","tag-antirassismus","tag-heilbronn","tag-il","tag-interventionistische-linke"],"_links":{"self":[{"href":"https:\/\/sz-kaethe.org\/index.php?rest_route=\/wp\/v2\/posts\/1792","targetHints":{"allow":["GET"]}}],"collection":[{"href":"https:\/\/sz-kaethe.org\/index.php?rest_route=\/wp\/v2\/posts"}],"about":[{"href":"https:\/\/sz-kaethe.org\/index.php?rest_route=\/wp\/v2\/types\/post"}],"author":[{"embeddable":true,"href":"https:\/\/sz-kaethe.org\/index.php?rest_route=\/wp\/v2\/users\/1"}],"replies":[{"embeddable":true,"href":"https:\/\/sz-kaethe.org\/index.php?rest_route=%2Fwp%2Fv2%2Fcomments&post=1792"}],"version-history":[{"count":0,"href":"https:\/\/sz-kaethe.org\/index.php?rest_route=\/wp\/v2\/posts\/1792\/revisions"}],"wp:featuredmedia":[{"embeddable":true,"href":"https:\/\/sz-kaethe.org\/index.php?rest_route=\/wp\/v2\/media\/1559"}],"wp:attachment":[{"href":"https:\/\/sz-kaethe.org\/index.php?rest_route=%2Fwp%2Fv2%2Fmedia&parent=1792"}],"wp:term":[{"taxonomy":"category","embeddable":true,"href":"https:\/\/sz-kaethe.org\/index.php?rest_route=%2Fwp%2Fv2%2Fcategories&post=1792"},{"taxonomy":"post_tag","embeddable":true,"href":"https:\/\/sz-kaethe.org\/index.php?rest_route=%2Fwp%2Fv2%2Ftags&post=1792"}],"curies":[{"name":"wp","href":"https:\/\/api.w.org\/{rel}","templated":true}]}}