{"id":1855,"date":"2018-04-24T07:44:39","date_gmt":"2018-04-24T05:44:39","guid":{"rendered":"http:\/\/www.sz-kaethe.org\/?p=1855"},"modified":"2018-05-05T13:33:57","modified_gmt":"2018-05-05T11:33:57","slug":"katalonien-im-umbruch-vortrag-und-diskussion-mit-ralf-streck","status":"publish","type":"post","link":"https:\/\/sz-kaethe.org\/?p=1855","title":{"rendered":"Katalonien im Umbruch \u2013 Vortrag und Diskussion mit Ralf Streck"},"content":{"rendered":"<div class=\"tribe-events-single-event-description tribe-events-content\">\n<p>Demokratie- oder Unabh\u00e4ngigkeitsbewegung in Katalonien? Sp\u00e4testens mit der Festnahme des \u201elegitimen\u201c katalanischen Pr\u00e4sidenten Carles Puigdemont in Schleswig-Holstein, sind die Unabh\u00e4ngigkeitsbestrebungen Kataloniens einer breiten \u00d6ffentlichkeit in Deutschland deutlich geworden. Zuvor hatte vor allem das Referendum im vergangenen Oktober und die Reaktionen des spanischen Staates f\u00fcr Schlagzeilen gesorgt: Aussetzung der Autonomie, Zwangsverwaltung aus Madrid, Absetzung der Regierung und Verhaftung von Aktivist*innen und Minister*innen, immer neue Anklagen wegen \u201eRebellion\u201c. Auch die von Spanien angeordneten Zwangswahlen haben an den Mehrheitsverh\u00e4ltnissen in Katalonien nichts ge\u00e4ndert.<\/p>\n<p>Doch warum wollen so viele Katalan*innen die Unabh\u00e4ngigkeit vom spanischen Staat? Was erhoffen sie sich davon? Wie ist die Bewegung f\u00fcr die Unabh\u00e4ngigkeit aufgestellt? Geht es um Nationalismus, oder um Fragen von Demokratie, Selbstbestimmung und Antifaschismus, angesichts der massiven Demokratiedefizite im post-faschistischen Spanien?<\/p>\n<p><i>Ralf Streck verfolgt als Journalist seit vielen Jahren die Entwicklung in Katalonien und hat die umw\u00e4lzenden Ereignisse der letzten Monaten auch vor Ort verfolgt. Er wird \u00fcber die Hintergr\u00fcnde, die aktuelle Situation und die m\u00f6gliche Zukunft berichten.<\/i><\/p>\n<p><strong>Veranstaltung &#8222;Katalonien im Umbruch \u2013 Vortrag und Diskussion mit Ralf Streck&#8220;<\/strong><\/p>\n<p><strong>02. Mai 2018 | 19.30 Uhr | Soziales Zentrum K\u00e4the<\/strong><\/p>\n<\/div>\n","protected":false},"excerpt":{"rendered":"<p>Demokratie- oder Unabh\u00e4ngigkeitsbewegung in Katalonien? Sp\u00e4testens mit der Festnahme des \u201elegitimen\u201c katalanischen Pr\u00e4sidenten Carles Puigdemont in Schleswig-Holstein, sind die Unabh\u00e4ngigkeitsbestrebungen Kataloniens einer breiten \u00d6ffentlichkeit in [&#8230;]<\/p>\n","protected":false},"author":1,"featured_media":1837,"comment_status":"closed","ping_status":"closed","sticky":false,"template":"","format":"standard","meta":{"footnotes":""},"categories":[18],"tags":[],"class_list":["post-1855","post","type-post","status-publish","format-standard","has-post-thumbnail","hentry","category-archiv"],"_links":{"self":[{"href":"https:\/\/sz-kaethe.org\/index.php?rest_route=\/wp\/v2\/posts\/1855","targetHints":{"allow":["GET"]}}],"collection":[{"href":"https:\/\/sz-kaethe.org\/index.php?rest_route=\/wp\/v2\/posts"}],"about":[{"href":"https:\/\/sz-kaethe.org\/index.php?rest_route=\/wp\/v2\/types\/post"}],"author":[{"embeddable":true,"href":"https:\/\/sz-kaethe.org\/index.php?rest_route=\/wp\/v2\/users\/1"}],"replies":[{"embeddable":true,"href":"https:\/\/sz-kaethe.org\/index.php?rest_route=%2Fwp%2Fv2%2Fcomments&post=1855"}],"version-history":[{"count":0,"href":"https:\/\/sz-kaethe.org\/index.php?rest_route=\/wp\/v2\/posts\/1855\/revisions"}],"wp:featuredmedia":[{"embeddable":true,"href":"https:\/\/sz-kaethe.org\/index.php?rest_route=\/wp\/v2\/media\/1837"}],"wp:attachment":[{"href":"https:\/\/sz-kaethe.org\/index.php?rest_route=%2Fwp%2Fv2%2Fmedia&parent=1855"}],"wp:term":[{"taxonomy":"category","embeddable":true,"href":"https:\/\/sz-kaethe.org\/index.php?rest_route=%2Fwp%2Fv2%2Fcategories&post=1855"},{"taxonomy":"post_tag","embeddable":true,"href":"https:\/\/sz-kaethe.org\/index.php?rest_route=%2Fwp%2Fv2%2Ftags&post=1855"}],"curies":[{"name":"wp","href":"https:\/\/api.w.org\/{rel}","templated":true}]}}