{"id":1936,"date":"2018-06-12T20:47:38","date_gmt":"2018-06-12T18:47:38","guid":{"rendered":"http:\/\/www.sz-kaethe.org\/?p=1936"},"modified":"2018-06-21T23:03:15","modified_gmt":"2018-06-21T21:03:15","slug":"il-tresen-4-das-polizeiaufgabengesetz-rueck-und-ausblick-2","status":"publish","type":"post","link":"https:\/\/sz-kaethe.org\/?p=1936","title":{"rendered":"IL-Tresen #4: Das \u201cPolizeiaufgabengesetz\u201d- R\u00fcck- und Ausblick"},"content":{"rendered":"<p><a href=\"http:\/\/www.sz-kaethe.org\/wp-content\/uploads\/IL_Tresen_Juni-200x300.jpg\"><img loading=\"lazy\" decoding=\"async\" class=\"size-medium wp-image-1923 alignleft\" src=\"http:\/\/www.sz-kaethe.org\/wp-content\/uploads\/IL_Tresen_Juni-200x300-200x300.jpg\" alt=\"\" width=\"200\" height=\"300\" \/><\/a>Bayern hat es beschlossen, NRW will es abschreiben und Seehofer findet Gefallen daran. Die Rede ist vom neuen \u201ePolizeiaufgabengesetz\u201c(PAG) nach bayrischer Pr\u00e4gung. Unter dem Vorwand, der neuen EU- Datenschutzrichtlinie gerecht zu werden, wurde in Bayern das \u201eGesetz \u00fcber die Aufgaben und Befugnisse der Bayerischen Staatlichen Polizei\u201d (BayPAG) \u00fcberarbeitet und trotz gro\u00dfer Proteste am 15. Mai 2018 im bayrischen Landtag von der CSU- Regierung verabschiedet. Damit hat Bayern nun das \u201eh\u00e4rteste Polizeigesetz seit 1945\u201c (https:\/\/netzpolitik.org\/2018\/das-haerteste-polizeigesetz-seit-1945-soll-heute-in-bayern-beschlossen-werden\/).<\/p>\n<p>Bei unserem IL-Tresen im Juni wird es einen kurzen Input zu den Inhalten des neuen bayrischen PAG geben. Im Anschluss daran wollen wir diskutieren, in welchem Kontext der Diskurs um die Gesetzesversch\u00e4rfung steht und wie wir uns dazu verhalten. Denn es ist klar, dieser Vorsto\u00df ist nur der Wegbereiter f\u00fcr weitere Versch\u00e4rfungen auf Landes- und Bundesebene, die mit dem rechten Law-and-Order Populismus durchgeboxt werden.<\/p>\n<p>Los geht\u2018s am 15. Juni 2018, um 19 Uhr im Sozialen Zentrum K\u00e4the.<\/p>\n<p>&nbsp;<\/p>\n<p><em>Die Organisierte Linke Heilbronn (IL) l\u00e4dt zum IL- Tresen! Jeden dritten Freitag im Monat kommen wir im Sozialen Zentrum K\u00e4the zusammen. Gemeinsam mit euch wollen wir \u00fcber aktuelle Themen diskutieren, einen Blick in die Vergangenheit werfen, uns an der Leinwand der Utopie austoben und uns \u00fcber die Grenzen des eigenen politischen Horizonts hinweg austauschen.<\/em><\/p>\n","protected":false},"excerpt":{"rendered":"<p>Bayern hat es beschlossen, NRW will es abschreiben und Seehofer findet Gefallen daran. Die Rede ist vom neuen \u201ePolizeiaufgabengesetz\u201c(PAG) nach bayrischer Pr\u00e4gung. Unter dem Vorwand, [&#8230;]<\/p>\n","protected":false},"author":1,"featured_media":1814,"comment_status":"closed","ping_status":"closed","sticky":false,"template":"","format":"standard","meta":{"footnotes":""},"categories":[18],"tags":[],"class_list":["post-1936","post","type-post","status-publish","format-standard","has-post-thumbnail","hentry","category-archiv"],"_links":{"self":[{"href":"https:\/\/sz-kaethe.org\/index.php?rest_route=\/wp\/v2\/posts\/1936","targetHints":{"allow":["GET"]}}],"collection":[{"href":"https:\/\/sz-kaethe.org\/index.php?rest_route=\/wp\/v2\/posts"}],"about":[{"href":"https:\/\/sz-kaethe.org\/index.php?rest_route=\/wp\/v2\/types\/post"}],"author":[{"embeddable":true,"href":"https:\/\/sz-kaethe.org\/index.php?rest_route=\/wp\/v2\/users\/1"}],"replies":[{"embeddable":true,"href":"https:\/\/sz-kaethe.org\/index.php?rest_route=%2Fwp%2Fv2%2Fcomments&post=1936"}],"version-history":[{"count":0,"href":"https:\/\/sz-kaethe.org\/index.php?rest_route=\/wp\/v2\/posts\/1936\/revisions"}],"wp:featuredmedia":[{"embeddable":true,"href":"https:\/\/sz-kaethe.org\/index.php?rest_route=\/wp\/v2\/media\/1814"}],"wp:attachment":[{"href":"https:\/\/sz-kaethe.org\/index.php?rest_route=%2Fwp%2Fv2%2Fmedia&parent=1936"}],"wp:term":[{"taxonomy":"category","embeddable":true,"href":"https:\/\/sz-kaethe.org\/index.php?rest_route=%2Fwp%2Fv2%2Fcategories&post=1936"},{"taxonomy":"post_tag","embeddable":true,"href":"https:\/\/sz-kaethe.org\/index.php?rest_route=%2Fwp%2Fv2%2Ftags&post=1936"}],"curies":[{"name":"wp","href":"https:\/\/api.w.org\/{rel}","templated":true}]}}