{"id":1991,"date":"2018-07-05T20:37:19","date_gmt":"2018-07-05T18:37:19","guid":{"rendered":"http:\/\/www.sz-kaethe.org\/?p=1991"},"modified":"2018-10-16T21:29:36","modified_gmt":"2018-10-16T19:29:36","slug":"widerstand-und-anpassung-im-iii-reich-und-ihre-nachwirkungen-vortrag-mit-zeitspruenge-heilbronn","status":"publish","type":"post","link":"https:\/\/sz-kaethe.org\/?p=1991","title":{"rendered":"Widerstand und Anpassung im III. Reich und ihre Nachwirkungen \u2013 Vortrag mit \u201eZeitspr\u00fcnge Heilbronn\u201c"},"content":{"rendered":"<p><a href=\"http:\/\/www.sz-kaethe.org\/wp-content\/uploads\/WiderstandIII.Reich_2.jpg\"><img loading=\"lazy\" decoding=\"async\" class=\"size-medium wp-image-1989 alignleft\" src=\"http:\/\/www.sz-kaethe.org\/wp-content\/uploads\/WiderstandIII.Reich_2-300x243.jpg\" alt=\"\" width=\"300\" height=\"243\" srcset=\"https:\/\/sz-kaethe.org\/wp-content\/uploads\/WiderstandIII.Reich_2-300x243.jpg 300w, https:\/\/sz-kaethe.org\/wp-content\/uploads\/WiderstandIII.Reich_2.jpg 346w\" sizes=\"auto, (max-width: 300px) 100vw, 300px\" \/><\/a>Die neue Portraitreihe auf <a href=\"http:\/\/heilbronn.apps-1and1.net\/zeitsprung\">Zeitspr\u00fcnge Heilbronn<\/a> besch\u00e4ftigt sich neben den Pers\u00f6nlichkeiten des Widerstandes auch mit Mitl\u00e4ufern und T\u00e4tern \u2013 mit manchem brisanten Ergebnis. Wiederentdecktes Filmmaterial mit Helmut Riegraf und Walter Vielhauer und vieles mehr wird im Vortrag vorgestellt. Der Vortrag bildet den Abschluss einer l\u00e4ngeren Serie, zum (vorl\u00e4ufigen) Abschied aus Heilbronn. Die Publikationsreihen von Zeitspr\u00fcnge Heilbronn laufen w\u00e4hrend der Auslandszeit weiter.<!--more--><\/p>\n<p><a href=\"http:\/\/heilbronn.apps-1and1.net\/zeitsprung\">Link: Homepage Zeitspr\u00fcnge Heilbronn<\/a><\/p>\n<p>Link: <a href=\"https:\/\/www.facebook.com\/zeitsprunghn\/\">Facebook Zeitspr\u00fcnge Heilbronn<\/a><\/p>\n<p>Link: <a href=\"https:\/\/www.facebook.com\/events\/223708675121020\/\">Facebook-VA<\/a><\/p>\n<p>&nbsp;<\/p>\n<p><a href=\"http:\/\/www.sz-kaethe.org\/wp-content\/uploads\/WiderstandIII.Reich_3.jpg\"><img loading=\"lazy\" decoding=\"async\" class=\"size-medium wp-image-1990 alignleft\" src=\"http:\/\/www.sz-kaethe.org\/wp-content\/uploads\/WiderstandIII.Reich_3-300x117.jpg\" alt=\"\" width=\"300\" height=\"117\" srcset=\"https:\/\/sz-kaethe.org\/wp-content\/uploads\/WiderstandIII.Reich_3-300x117.jpg 300w, https:\/\/sz-kaethe.org\/wp-content\/uploads\/WiderstandIII.Reich_3.jpg 721w\" sizes=\"auto, (max-width: 300px) 100vw, 300px\" \/><\/a><\/p>\n","protected":false},"excerpt":{"rendered":"<p>Die neue Portraitreihe auf Zeitspr\u00fcnge Heilbronn besch\u00e4ftigt sich neben den Pers\u00f6nlichkeiten des Widerstandes auch mit Mitl\u00e4ufern und T\u00e4tern \u2013 mit manchem brisanten Ergebnis. Wiederentdecktes Filmmaterial [&#8230;]<\/p>\n","protected":false},"author":1,"featured_media":1988,"comment_status":"closed","ping_status":"closed","sticky":false,"template":"","format":"standard","meta":{"footnotes":""},"categories":[18],"tags":[21,50,72,73,71,74],"class_list":["post-1991","post","type-post","status-publish","format-standard","has-post-thumbnail","hentry","category-archiv","tag-antifaschismus","tag-heilbronn","tag-riefgraf","tag-vielhauer","tag-widerstand-im-iii-reich","tag-zeitspruenge-heilbronn"],"_links":{"self":[{"href":"https:\/\/sz-kaethe.org\/index.php?rest_route=\/wp\/v2\/posts\/1991","targetHints":{"allow":["GET"]}}],"collection":[{"href":"https:\/\/sz-kaethe.org\/index.php?rest_route=\/wp\/v2\/posts"}],"about":[{"href":"https:\/\/sz-kaethe.org\/index.php?rest_route=\/wp\/v2\/types\/post"}],"author":[{"embeddable":true,"href":"https:\/\/sz-kaethe.org\/index.php?rest_route=\/wp\/v2\/users\/1"}],"replies":[{"embeddable":true,"href":"https:\/\/sz-kaethe.org\/index.php?rest_route=%2Fwp%2Fv2%2Fcomments&post=1991"}],"version-history":[{"count":0,"href":"https:\/\/sz-kaethe.org\/index.php?rest_route=\/wp\/v2\/posts\/1991\/revisions"}],"wp:featuredmedia":[{"embeddable":true,"href":"https:\/\/sz-kaethe.org\/index.php?rest_route=\/wp\/v2\/media\/1988"}],"wp:attachment":[{"href":"https:\/\/sz-kaethe.org\/index.php?rest_route=%2Fwp%2Fv2%2Fmedia&parent=1991"}],"wp:term":[{"taxonomy":"category","embeddable":true,"href":"https:\/\/sz-kaethe.org\/index.php?rest_route=%2Fwp%2Fv2%2Fcategories&post=1991"},{"taxonomy":"post_tag","embeddable":true,"href":"https:\/\/sz-kaethe.org\/index.php?rest_route=%2Fwp%2Fv2%2Ftags&post=1991"}],"curies":[{"name":"wp","href":"https:\/\/api.w.org\/{rel}","templated":true}]}}