{"id":2069,"date":"2018-10-11T22:15:05","date_gmt":"2018-10-11T20:15:05","guid":{"rendered":"http:\/\/www.sz-kaethe.org\/?p=2069"},"modified":"2018-11-18T23:43:18","modified_gmt":"2018-11-18T21:43:18","slug":"die-kurden-ein-volk-zwischen-unterdrueckung-und-rebellion","status":"publish","type":"post","link":"https:\/\/sz-kaethe.org\/?p=2069","title":{"rendered":"Die Kurden &#8211; ein Volk zwischen Unterdr\u00fcckung und Rebellion"},"content":{"rendered":"<p>Buchvorstellung &amp; Diskussion mit Kerem Schamberger und Dr. Michael Meyen.<\/p>\n<p>Wer wei\u00df um den Krieg, den die Regierung in Ankara seit 2015 gegen die Kurden f\u00fchrt? Wer erinnert sich an die Repressionen in den 1990ern?<\/p>\n<p>Die Autoren zeigen, dass die Verfolgung der Kurden in der Gr\u00fcndungsgeschichte der T\u00fcrkei wurzelt und dass der eigentliche Putsch dort schon 2015 stattfand \u2013 ein ziviler Putsch durch die AKP. Doch der Westen will sein B\u00fcndnis mit dem Erdogan-Regime nicht gef\u00e4hrden und l\u00e4sst deshalb ein 30-Millionen-Volk im Stich.<!--more--><\/p>\n<p><a href=\"http:\/\/www.sz-kaethe.org\/wp-content\/uploads\/WEST_Schamberger_Die-Kurden_RZ_Ansicht-655x1024.jpg\"><img loading=\"lazy\" decoding=\"async\" class=\"size-medium wp-image-2065 alignleft\" src=\"http:\/\/www.sz-kaethe.org\/wp-content\/uploads\/WEST_Schamberger_Die-Kurden_RZ_Ansicht-655x1024-192x300.jpg\" alt=\"\" width=\"192\" height=\"300\" srcset=\"https:\/\/sz-kaethe.org\/wp-content\/uploads\/WEST_Schamberger_Die-Kurden_RZ_Ansicht-655x1024-192x300.jpg 192w, https:\/\/sz-kaethe.org\/wp-content\/uploads\/WEST_Schamberger_Die-Kurden_RZ_Ansicht-655x1024.jpg 655w\" sizes=\"auto, (max-width: 192px) 100vw, 192px\" \/><\/a>&#8222;Die Kurden sind das gr\u00f6\u00dfte staatenlose Volk der Welt. Mehr als 30 Millionen Menschen, die bei uns als T\u00fcrken, Syrer, Iraner oder Iraker gelten (um nur die vier wichtigsten Siedlungsgebiete zu nennen), weil sie einen entsprechenden Pass haben. Dieses Buch erz\u00e4hlt die Geschichte dieser Menschen. Es erz\u00e4hlt, wie sich die Westm\u00e4chte den Nahen und Mittleren Osten nach dem Ersten Weltkrieg zurechtgeschnitten haben und warum die neuen Staaten in der Region kein Interesse an einer kurdischen Nation hatten. Im Gegenteil. Sie haben alles getan, damit Sprache, Kultur und Identit\u00e4t verschwinden.<\/p>\n<p>Geschichte wiederholt sich nicht, sagt man. Die Unterdr\u00fcckung der Kurden aber geht weiter. Die T\u00fcrkei f\u00fchrt seit Sommer 2015 Krieg im eigenen Land. Sie kann das tun, weil die Welt\u00f6ffentlichkeit wegschaut. Weil Deutschland diesen Krieg durch die Brille der Regierung in Ankara sieht. (<a href=\"https:\/\/die-kurden.de\/\">https:\/\/die-kurden.de\/)<\/a>&#8220;<\/p>\n<p>&nbsp;<\/p>\n<p>&nbsp;<\/p>\n<p>&nbsp;<\/p>\n<p><a href=\"http:\/\/www.sz-kaethe.org\/wp-content\/uploads\/9518_kerem_schamberger.jpg\"><img loading=\"lazy\" decoding=\"async\" class=\"size-medium wp-image-2061 alignleft\" src=\"http:\/\/www.sz-kaethe.org\/wp-content\/uploads\/9518_kerem_schamberger-300x199.jpg\" alt=\"\" width=\"300\" height=\"199\" srcset=\"https:\/\/sz-kaethe.org\/wp-content\/uploads\/9518_kerem_schamberger-300x199.jpg 300w, https:\/\/sz-kaethe.org\/wp-content\/uploads\/9518_kerem_schamberger-768x510.jpg 768w, https:\/\/sz-kaethe.org\/wp-content\/uploads\/9518_kerem_schamberger.jpg 900w\" sizes=\"auto, (max-width: 300px) 100vw, 300px\" \/><\/a>Kerem Schamberger, Jahrgang 1986, ist politischer Berichterstatter und Kommunikationswissenschaftler an der LMU M\u00fcnchen. Er besch\u00e4ftigt sich seit mehreren Jahren mit der Unterdr\u00fcckung der Kurden in der T\u00fcrkei und \u00fcbt scharfe Kritik an Recep Tayyip Erdogan und an der deutschen Politik. Aufgrund seines politischen Engagements drohte ihm zeitweise das Berufsverbot in Deutschland, Monitor berichtete. &#8222;Die Kurden&#8220; ist sein erstes Buch.<\/p>\n<p>&nbsp;<\/p>\n<p><a href=\"http:\/\/www.sz-kaethe.org\/wp-content\/uploads\/Michael_meyen.jpg\"><img loading=\"lazy\" decoding=\"async\" class=\"size-medium wp-image-2062 alignleft\" src=\"http:\/\/www.sz-kaethe.org\/wp-content\/uploads\/Michael_meyen-300x220.jpg\" alt=\"\" width=\"300\" height=\"220\" srcset=\"https:\/\/sz-kaethe.org\/wp-content\/uploads\/Michael_meyen-300x220.jpg 300w, https:\/\/sz-kaethe.org\/wp-content\/uploads\/Michael_meyen-768x564.jpg 768w, https:\/\/sz-kaethe.org\/wp-content\/uploads\/Michael_meyen.jpg 900w\" sizes=\"auto, (max-width: 300px) 100vw, 300px\" \/><\/a>Dr. Michael Meyen hat als Journalist begonnen: in der Regionalpresse (Leipziger Volkszeitung) und im Radio (MRD Info). Noch st\u00e4rker als das Tagesgeschehen lockte aber die Forschung. Deshalb ging er 2002 als Professor an die LMU nach M\u00fcnchen, bildet dort seitdem Journalisten, PR und Werbeprofis aus und schreibt \u00fcber das, was uns alle am meisten angehen sollte: die Welt der Massenmedien.<\/p>\n<p>&nbsp;<\/p>\n<p>&nbsp;<\/p>\n<p><em>Eine Veranstaltung von:<\/em><\/p>\n<p><a href=\"http:\/\/heilbronn.die-linke-bw.de\/\">DIE LINKE \u2013 Kreisverband Heilbronn-Unterland<\/a><\/p>\n<p><a href=\"http:\/\/ol-hn.org\/\">Organisierte Linke Heilbronn (IL)<\/a><\/p>\n<p>Kurdisches Gesellschaftszentrum Heilbronn<\/p>\n","protected":false},"excerpt":{"rendered":"<p>Buchvorstellung &amp; Diskussion mit Kerem Schamberger und Dr. Michael Meyen. Wer wei\u00df um den Krieg, den die Regierung in Ankara seit 2015 gegen die Kurden [&#8230;]<\/p>\n","protected":false},"author":1,"featured_media":2095,"comment_status":"closed","ping_status":"closed","sticky":false,"template":"","format":"standard","meta":{"footnotes":""},"categories":[1,18],"tags":[80,82,84,81,38],"class_list":["post-2069","post","type-post","status-publish","format-standard","has-post-thumbnail","hentry","category-allgemein","category-archiv","tag-kerem-schamberger","tag-kurden","tag-kurdistan","tag-michael-meyen","tag-repression"],"_links":{"self":[{"href":"https:\/\/sz-kaethe.org\/index.php?rest_route=\/wp\/v2\/posts\/2069","targetHints":{"allow":["GET"]}}],"collection":[{"href":"https:\/\/sz-kaethe.org\/index.php?rest_route=\/wp\/v2\/posts"}],"about":[{"href":"https:\/\/sz-kaethe.org\/index.php?rest_route=\/wp\/v2\/types\/post"}],"author":[{"embeddable":true,"href":"https:\/\/sz-kaethe.org\/index.php?rest_route=\/wp\/v2\/users\/1"}],"replies":[{"embeddable":true,"href":"https:\/\/sz-kaethe.org\/index.php?rest_route=%2Fwp%2Fv2%2Fcomments&post=2069"}],"version-history":[{"count":0,"href":"https:\/\/sz-kaethe.org\/index.php?rest_route=\/wp\/v2\/posts\/2069\/revisions"}],"wp:featuredmedia":[{"embeddable":true,"href":"https:\/\/sz-kaethe.org\/index.php?rest_route=\/wp\/v2\/media\/2095"}],"wp:attachment":[{"href":"https:\/\/sz-kaethe.org\/index.php?rest_route=%2Fwp%2Fv2%2Fmedia&parent=2069"}],"wp:term":[{"taxonomy":"category","embeddable":true,"href":"https:\/\/sz-kaethe.org\/index.php?rest_route=%2Fwp%2Fv2%2Fcategories&post=2069"},{"taxonomy":"post_tag","embeddable":true,"href":"https:\/\/sz-kaethe.org\/index.php?rest_route=%2Fwp%2Fv2%2Ftags&post=2069"}],"curies":[{"name":"wp","href":"https:\/\/api.w.org\/{rel}","templated":true}]}}