{"id":2203,"date":"2018-12-15T17:32:28","date_gmt":"2018-12-15T15:32:28","guid":{"rendered":"http:\/\/www.sz-kaethe.org\/?p=2203"},"modified":"2019-04-15T21:17:59","modified_gmt":"2019-04-15T19:17:59","slug":"energiewende-heilbronn","status":"publish","type":"post","link":"https:\/\/sz-kaethe.org\/?p=2203","title":{"rendered":"Energiewende Heilbronn"},"content":{"rendered":"<div class=\"info\">\n<p>Im Aktionsb\u00fcndnis Energiewende Heilbronn engagieren sich ehrenamtlich B\u00fcrgerinnen und B\u00fcrger, Umweltverb\u00e4nde und atomkraftkritische Gruppen aus Politik und Kirche aus der Stadt und Region Heilbronn. Wer sich mit uns zusammen freundschaftlich, aktiv und kreativ gegen Atomkraft, Kohlekraft und Fracking und f\u00fcr die Energiewende und den Klimaschutz einsetzen m\u00f6chte ist gerne willkommen:<br \/>\nJeden 2. Mittwoch im Monat, 19:30 Uhr im Sozialen Zentrum K\u00e4the, Wollhausstra\u00dfe 49, Heilbronn.<\/p>\n<\/div>\n<p>Weitere Informationen unter:<\/p>\n<p><a href=\"http:\/\/www.energiewendeheilbronn.de\/phpwcms\/?ew_home\">Energiewende Heilbronn<\/a><br \/>\n<a href=\"https:\/\/www.facebook.com\/Aktionsbuendnis.Energiewende.Heilbronn\">Energiewende Heilbronn auf Facebook<\/a><br \/>\n<a href=\"http:\/\/www.energiewendeheilbronn.de\/phpwcms\/?ew_ueber-uns\">\u00dcber uns<\/a><br \/>\n<a href=\"http:\/\/www.energiewendeheilbronn.de\/phpwcms\/index.php?ew_kontakt\">Kontakt<\/a><\/p>\n","protected":false},"excerpt":{"rendered":"<p>Im Aktionsb\u00fcndnis Energiewende Heilbronn engagieren sich ehrenamtlich B\u00fcrgerinnen und B\u00fcrger, Umweltverb\u00e4nde und atomkraftkritische Gruppen aus Politik und Kirche aus der Stadt und Region Heilbronn. Wer [&#8230;]<\/p>\n","protected":false},"author":1,"featured_media":2202,"comment_status":"closed","ping_status":"closed","sticky":false,"template":"","format":"standard","meta":{"footnotes":""},"categories":[18],"tags":[91,90],"class_list":["post-2203","post","type-post","status-publish","format-standard","has-post-thumbnail","hentry","category-archiv","tag-energiewende","tag-energiewende-heilbronn"],"_links":{"self":[{"href":"https:\/\/sz-kaethe.org\/index.php?rest_route=\/wp\/v2\/posts\/2203","targetHints":{"allow":["GET"]}}],"collection":[{"href":"https:\/\/sz-kaethe.org\/index.php?rest_route=\/wp\/v2\/posts"}],"about":[{"href":"https:\/\/sz-kaethe.org\/index.php?rest_route=\/wp\/v2\/types\/post"}],"author":[{"embeddable":true,"href":"https:\/\/sz-kaethe.org\/index.php?rest_route=\/wp\/v2\/users\/1"}],"replies":[{"embeddable":true,"href":"https:\/\/sz-kaethe.org\/index.php?rest_route=%2Fwp%2Fv2%2Fcomments&post=2203"}],"version-history":[{"count":0,"href":"https:\/\/sz-kaethe.org\/index.php?rest_route=\/wp\/v2\/posts\/2203\/revisions"}],"wp:featuredmedia":[{"embeddable":true,"href":"https:\/\/sz-kaethe.org\/index.php?rest_route=\/wp\/v2\/media\/2202"}],"wp:attachment":[{"href":"https:\/\/sz-kaethe.org\/index.php?rest_route=%2Fwp%2Fv2%2Fmedia&parent=2203"}],"wp:term":[{"taxonomy":"category","embeddable":true,"href":"https:\/\/sz-kaethe.org\/index.php?rest_route=%2Fwp%2Fv2%2Fcategories&post=2203"},{"taxonomy":"post_tag","embeddable":true,"href":"https:\/\/sz-kaethe.org\/index.php?rest_route=%2Fwp%2Fv2%2Ftags&post=2203"}],"curies":[{"name":"wp","href":"https:\/\/api.w.org\/{rel}","templated":true}]}}