{"id":2257,"date":"2019-01-05T13:02:35","date_gmt":"2019-01-05T11:02:35","guid":{"rendered":"http:\/\/www.sz-kaethe.org\/?p=2257"},"modified":"2020-02-15T13:23:32","modified_gmt":"2020-02-15T11:23:32","slug":"lokale-agenda-21-heilbronn-ab-jetzt-im-sozialen-zentrum-kaethe","status":"publish","type":"post","link":"https:\/\/sz-kaethe.org\/?p=2257","title":{"rendered":"B\u00fcro der Lokalen Agenda 21 Heilbronn im Sozialen Zentrum K\u00e4the"},"content":{"rendered":"<p>Seit Januar ist die Lokale Agenda 21 mit ihrem B\u00fcro in unserem Haus vertreten. Die Lokale Agenda 21 setzt sich unter dem Motto \u201eGemeinsam die Zukunft gestalten\u201c f\u00fcr eine langfristige \u00f6kologische, \u00f6konomische und soziale Entwicklung unserer Stadt ein. Grundlage daf\u00fcr ist der UN-Beschluss von Rio de Janeiro (1992) zur nachhaltigen Entwicklung in den Feldern \u00d6kologie \u2013 \u00d6konomie \u2013 Soziales und die \u201eAgenda 2030 f\u00fcr nachhaltige Entwicklung\u201c der UNO-Generalversammlung vom 2015 (Weitere Infos unter: <a href=\"http:\/\/agenda21-heilbronn.de\/\">http:\/\/agenda21-heilbronn.de\/<\/a>). Daneben nutzen sie unseren 2018 neu eingerichteten Konferenzraum im ersten Obergeschoss.<!--more--><\/p>\n<p>Lokale Agenda 21 Heilbronn c\/o Soziales Zentrum K\u00e4the<br \/>\nWollhausstra\u00dfe 49<br \/>\n74072 Heilbronn<br \/>\nTelefon | 07131-124 65 10<br \/>\nE-Mail | info@agenda21-hn.de<\/p>\n<p><strong>Ansprechpartner<\/strong><\/p>\n<p>Monika Knoll (B\u00fcrodienstleistung)<br \/>\nDr. Thomas Bergunde (Sprecher des Koordinierungskreises)<br \/>\nthomas.bergunde@agenda21-hn.de<br \/>\nProf. Uwe Ahrens (Stellvertreter)<br \/>\nuwe.ahrens@agenda21-hn.de<\/p>\n<p><strong>\u00d6ffnungszeiten<\/strong><\/p>\n<p>Dienstag 09:30 Uhr bis 12:00 Uhr (in den Schulferien geschlossen) | Gemeinschaftsb\u00fcro des Sozialen Zentrum K\u00e4the.<\/p>\n","protected":false},"excerpt":{"rendered":"<p>Seit Januar ist die Lokale Agenda 21 mit ihrem B\u00fcro in unserem Haus vertreten. Die Lokale Agenda 21 setzt sich unter dem Motto \u201eGemeinsam die [&#8230;]<\/p>\n","protected":false},"author":1,"featured_media":2267,"comment_status":"closed","ping_status":"closed","sticky":false,"template":"","format":"standard","meta":{"footnotes":""},"categories":[18],"tags":[50,96,92,97,98,99],"class_list":["post-2257","post","type-post","status-publish","format-standard","has-post-thumbnail","hentry","category-archiv","tag-heilbronn","tag-lokale-agenda","tag-lokale-agenda-21-heilbronn","tag-oekologie","tag-oekonomie","tag-soziales"],"_links":{"self":[{"href":"https:\/\/sz-kaethe.org\/index.php?rest_route=\/wp\/v2\/posts\/2257","targetHints":{"allow":["GET"]}}],"collection":[{"href":"https:\/\/sz-kaethe.org\/index.php?rest_route=\/wp\/v2\/posts"}],"about":[{"href":"https:\/\/sz-kaethe.org\/index.php?rest_route=\/wp\/v2\/types\/post"}],"author":[{"embeddable":true,"href":"https:\/\/sz-kaethe.org\/index.php?rest_route=\/wp\/v2\/users\/1"}],"replies":[{"embeddable":true,"href":"https:\/\/sz-kaethe.org\/index.php?rest_route=%2Fwp%2Fv2%2Fcomments&post=2257"}],"version-history":[{"count":0,"href":"https:\/\/sz-kaethe.org\/index.php?rest_route=\/wp\/v2\/posts\/2257\/revisions"}],"wp:featuredmedia":[{"embeddable":true,"href":"https:\/\/sz-kaethe.org\/index.php?rest_route=\/wp\/v2\/media\/2267"}],"wp:attachment":[{"href":"https:\/\/sz-kaethe.org\/index.php?rest_route=%2Fwp%2Fv2%2Fmedia&parent=2257"}],"wp:term":[{"taxonomy":"category","embeddable":true,"href":"https:\/\/sz-kaethe.org\/index.php?rest_route=%2Fwp%2Fv2%2Fcategories&post=2257"},{"taxonomy":"post_tag","embeddable":true,"href":"https:\/\/sz-kaethe.org\/index.php?rest_route=%2Fwp%2Fv2%2Ftags&post=2257"}],"curies":[{"name":"wp","href":"https:\/\/api.w.org\/{rel}","templated":true}]}}