{"id":2364,"date":"2019-02-28T13:39:16","date_gmt":"2019-02-28T11:39:16","guid":{"rendered":"http:\/\/www.sz-kaethe.org\/?p=2364"},"modified":"2019-03-15T19:39:06","modified_gmt":"2019-03-15T17:39:06","slug":"buchvorstellung-und-diskussion-ein-feministischer-blick-auf-neue-klassenpolitik-2","status":"publish","type":"post","link":"https:\/\/sz-kaethe.org\/?p=2364","title":{"rendered":"Buchvorstellung und Diskussion &#8211; Ein feministischer Blick auf Neue Klassenpolitik"},"content":{"rendered":"<div class=\"entry-content\">\n<p><em>Veranstaltung am 14. M\u00e4rz 2019 um 18:30 Uhr im Sozialen Zentrum K\u00e4the, Wollhausstr. 49, 74072 Heilbronn.<\/em><\/p>\n<p>\u201eNeue Klassenpolitik\u201d entwickelte sich 2018 zum Schlagwort einer Debatte, die von der Linkspartei, \u00fcber die Bewegungslinke bis zur organisierten Mieter*innen oder Arbeitskampfgruppen gef\u00fchrt wird. In einem Sammelband hat analyse und kritik \u00fcber 30 Beitr\u00e4ge zum Thema versammelt \u2013 darunter auch der Beitrag \u201eMehr als nur angeh\u00e4ngt\u201d. In diesem wird f\u00fcr eine andere, eine feministische Perspektive auf Neue Klassenpolitik pl\u00e4diert. <span id=\"more-2960\"><\/span>Erstmals wieder streiken Frauen 2018 am 8 M\u00e4rz, denn auch in der BRD geht es nicht nur um \u201eequal pay\u201d oder die Repolitisierung von Haus- und Sorgearbeit. Hat Neue Klassenpolitik also eine feministische Praxis gefunden? Was genau hei\u00dft es, Feminismus nicht nur als \u201eAnh\u00e4ngsel\u201d einer Neuen Klassenpolitik zu sehen? Und was hat es eigentlich mit der Debatte um Neue Klassenpolitik auf sich?<\/p>\n<p><em>Referentinnen:<\/em><br \/>\n<em>Ines Schwerdtner, Redakteurin beim Ada-Magazin und Autorin des <a href=\"https:\/\/www.akweb.de\/ak_s\/ak636\/23.htm\">Beitrags \u201eMehr als nur angeh\u00e4ngt\u201d<\/a><\/em><br \/>\n<em>und<\/em><br \/>\n<em>Hannah Eberle, Gesch\u00e4ftsf\u00fchrerin bei analyse und kritik und Autorin des Beitrags \u201cWas Erwerbslose und Prek\u00e4re eint\u201d.<\/em><\/p>\n<p><a href=\"http:\/\/ol-hn.org\/wp-content\/uploads\/2019\/02\/ak-Logo.jpg\"><img loading=\"lazy\" decoding=\"async\" class=\"alignleft wp-image-2962\" src=\"http:\/\/ol-hn.org\/wp-content\/uploads\/2019\/02\/ak-Logo-300x279.jpg\" sizes=\"auto, (max-width: 147px) 100vw, 147px\" srcset=\"http:\/\/ol-hn.org\/wp-content\/uploads\/2019\/02\/ak-Logo-300x279.jpg 300w, http:\/\/ol-hn.org\/wp-content\/uploads\/2019\/02\/ak-Logo-200x186.jpg 200w, http:\/\/ol-hn.org\/wp-content\/uploads\/2019\/02\/ak-Logo-150x139.jpg 150w, http:\/\/ol-hn.org\/wp-content\/uploads\/2019\/02\/ak-Logo.jpg 513w\" alt=\"\" width=\"147\" height=\"137\" \/><\/a><em>Die Veranstaltung findet in Zusammenarbeit mit <a href=\"https:\/\/www.akweb.de\/\">\u201cAnalyse und Kritik \u2013 Zeitung f\u00fcr linke Debatte und Praxis\u201d<\/a> statt.<\/em><\/p>\n<\/div>\n<p><!--more--><\/p>\n<p>&nbsp;<\/p>\n","protected":false},"excerpt":{"rendered":"<p>Veranstaltung am 14. M\u00e4rz 2019 um 18:30 Uhr im Sozialen Zentrum K\u00e4the, Wollhausstr. 49, 74072 Heilbronn. \u201eNeue Klassenpolitik\u201d entwickelte sich 2018 zum Schlagwort einer Debatte, [&#8230;]<\/p>\n","protected":false},"author":1,"featured_media":2308,"comment_status":"closed","ping_status":"closed","sticky":false,"template":"","format":"standard","meta":{"footnotes":""},"categories":[18],"tags":[100,51,68,36],"class_list":["post-2364","post","type-post","status-publish","format-standard","has-post-thumbnail","hentry","category-archiv","tag-analyse-und-kritik-ak","tag-il","tag-interventionistische-linke-il","tag-organisierte-linke-heilbronn-il"],"_links":{"self":[{"href":"https:\/\/sz-kaethe.org\/index.php?rest_route=\/wp\/v2\/posts\/2364","targetHints":{"allow":["GET"]}}],"collection":[{"href":"https:\/\/sz-kaethe.org\/index.php?rest_route=\/wp\/v2\/posts"}],"about":[{"href":"https:\/\/sz-kaethe.org\/index.php?rest_route=\/wp\/v2\/types\/post"}],"author":[{"embeddable":true,"href":"https:\/\/sz-kaethe.org\/index.php?rest_route=\/wp\/v2\/users\/1"}],"replies":[{"embeddable":true,"href":"https:\/\/sz-kaethe.org\/index.php?rest_route=%2Fwp%2Fv2%2Fcomments&post=2364"}],"version-history":[{"count":0,"href":"https:\/\/sz-kaethe.org\/index.php?rest_route=\/wp\/v2\/posts\/2364\/revisions"}],"wp:featuredmedia":[{"embeddable":true,"href":"https:\/\/sz-kaethe.org\/index.php?rest_route=\/wp\/v2\/media\/2308"}],"wp:attachment":[{"href":"https:\/\/sz-kaethe.org\/index.php?rest_route=%2Fwp%2Fv2%2Fmedia&parent=2364"}],"wp:term":[{"taxonomy":"category","embeddable":true,"href":"https:\/\/sz-kaethe.org\/index.php?rest_route=%2Fwp%2Fv2%2Fcategories&post=2364"},{"taxonomy":"post_tag","embeddable":true,"href":"https:\/\/sz-kaethe.org\/index.php?rest_route=%2Fwp%2Fv2%2Ftags&post=2364"}],"curies":[{"name":"wp","href":"https:\/\/api.w.org\/{rel}","templated":true}]}}