{"id":2839,"date":"2019-11-29T18:08:13","date_gmt":"2019-11-29T16:08:13","guid":{"rendered":"http:\/\/www.sz-kaethe.org\/?p=2839"},"modified":"2020-02-14T08:48:55","modified_gmt":"2020-02-14T06:48:55","slug":"vortrag-seenotrettung-im-mittelmeer","status":"publish","type":"post","link":"https:\/\/sz-kaethe.org\/?p=2839","title":{"rendered":"Vortrag: Seenotrettung im Mittelmeer"},"content":{"rendered":"\n<p>Vortrag mit einem Vertreter von \u00abSea-Watch\u00bb \/\/ Samstag, 17.12.2019 um 18 Uhr \/\/ Soziales Zentrum K\u00e4the, Wollhausstr. 49, 74072 Heilbronn.<\/p>\n\n\n\n<p>2014 gr\u00fcndet sich auf Initiative von vier Familien aus Brandenburg das<br> Projekt \u00abSea-Watch\u00bb. Ziel der Nichtregierungsorganisation ist die<br> Rettung von Gefl\u00fcchteten, die im Mittelmeer in Lebensgefahr geraten.<br> Mittlerweile hat Sea Watch mit mehr als 500 internationalen Freiwilligen<br> \u00fcber 35000 Menschen aus Seenot gerettet. Die Europ\u00e4ische Union, die sich<br> f\u00fcr Demokratie und Menschenrechte einsetzt, schottet sich gleichzeitig<br> immer weiter gegen Menschen auf der Flucht ab. Milliardenschwere Deals<br> mit fragw\u00fcrdigen Partnern wie der t\u00fcrkischen Regierung oder den Milizen der libyschen K\u00fcstenwache sollen das schmutzige Gesch\u00e4ft der Abschottung \u00fcbernehmen.<\/p>\n\n\n\n<p>Gleichzeitig bleiben die Fluchtursachen unver\u00e4ndert und die Zust\u00e4nde in<br>\nlibyschen \u00abLagern\u00bb katastrophal. Auch 2019 steigen weiterhin Menschen in<br>\nseeuntaugliche Boote. Deshalb wird Sea-Watch, trotz politischen<br>\nGegenwinds, weiterhin versuchen, Menschen aus Seenot zu retten.<\/p>\n\n\n\n<p><em>Der Rettungssanit\u00e4ter und Medizinstudent Manuel war mehrfach an Bord der Sea-Watch. Er berichtet von seinen Eins\u00e4tzen und der aktuell immer<br> schwieriger werdenden politischen und humanit\u00e4ren Situation.<\/em><\/p>\n\n\n\n<p>Der Vortrag findet am 07.12.2019 um 18Uhr im Sozialen Zentrum K\u00e4the<br> (Wollhausstra\u00dfe 49 in Heilbronn) statt.<\/p>\n\n\n\n<figure class=\"wp-block-image\"><img loading=\"lazy\" decoding=\"async\" width=\"683\" height=\"960\" src=\"http:\/\/www.sz-kaethe.org\/wp-content\/uploads\/VA_Seebruecke2019.jpg\" alt=\"\" class=\"wp-image-2840\" srcset=\"https:\/\/sz-kaethe.org\/wp-content\/uploads\/VA_Seebruecke2019.jpg 683w, https:\/\/sz-kaethe.org\/wp-content\/uploads\/VA_Seebruecke2019-213x300.jpg 213w\" sizes=\"auto, (max-width: 683px) 100vw, 683px\" \/><\/figure>\n","protected":false},"excerpt":{"rendered":"<p>Vortrag mit einem Vertreter von \u00abSea-Watch\u00bb \/\/ Samstag, 17.12.2019 um 18 Uhr \/\/ Soziales Zentrum K\u00e4the, Wollhausstr. 49, 74072 Heilbronn. 2014 gr\u00fcndet sich auf Initiative [&#8230;]<\/p>\n","protected":false},"author":1,"featured_media":2840,"comment_status":"closed","ping_status":"closed","sticky":false,"template":"","format":"standard","meta":{"footnotes":""},"categories":[18],"tags":[115],"class_list":["post-2839","post","type-post","status-publish","format-standard","has-post-thumbnail","hentry","category-archiv","tag-seebruecke"],"_links":{"self":[{"href":"https:\/\/sz-kaethe.org\/index.php?rest_route=\/wp\/v2\/posts\/2839","targetHints":{"allow":["GET"]}}],"collection":[{"href":"https:\/\/sz-kaethe.org\/index.php?rest_route=\/wp\/v2\/posts"}],"about":[{"href":"https:\/\/sz-kaethe.org\/index.php?rest_route=\/wp\/v2\/types\/post"}],"author":[{"embeddable":true,"href":"https:\/\/sz-kaethe.org\/index.php?rest_route=\/wp\/v2\/users\/1"}],"replies":[{"embeddable":true,"href":"https:\/\/sz-kaethe.org\/index.php?rest_route=%2Fwp%2Fv2%2Fcomments&post=2839"}],"version-history":[{"count":0,"href":"https:\/\/sz-kaethe.org\/index.php?rest_route=\/wp\/v2\/posts\/2839\/revisions"}],"wp:featuredmedia":[{"embeddable":true,"href":"https:\/\/sz-kaethe.org\/index.php?rest_route=\/wp\/v2\/media\/2840"}],"wp:attachment":[{"href":"https:\/\/sz-kaethe.org\/index.php?rest_route=%2Fwp%2Fv2%2Fmedia&parent=2839"}],"wp:term":[{"taxonomy":"category","embeddable":true,"href":"https:\/\/sz-kaethe.org\/index.php?rest_route=%2Fwp%2Fv2%2Fcategories&post=2839"},{"taxonomy":"post_tag","embeddable":true,"href":"https:\/\/sz-kaethe.org\/index.php?rest_route=%2Fwp%2Fv2%2Ftags&post=2839"}],"curies":[{"name":"wp","href":"https:\/\/api.w.org\/{rel}","templated":true}]}}