{"id":2923,"date":"2020-01-28T19:27:06","date_gmt":"2020-01-28T17:27:06","guid":{"rendered":"http:\/\/www.sz-kaethe.org\/?p=2923"},"modified":"2020-02-15T13:22:12","modified_gmt":"2020-02-15T11:22:12","slug":"vortrag-und-diskussion-personalienverweigerung-tabu-oder-option","status":"publish","type":"post","link":"https:\/\/sz-kaethe.org\/?p=2923","title":{"rendered":"Vortrag und Diskussion: Personalienverweigerung \u2013 Tabu oder Option?"},"content":{"rendered":"\n<p><em>Freitag, 14. Februar 2020 \/\/ 19.00 Uhr \/\/ Soziales Zentrum K\u00e4the, Wollhausstr. 49, 74072 Heilbronn. <\/em>Die Personalien bei einer Polizeikontrolle nicht anzugeben kann zu einer In-Gewahrsam-Nahme und einer erkennungsdienstlichen Behandlung f\u00fchren. Eine unn\u00f6tige Angriffsfl\u00e4che f\u00fcr die Beh\u00f6rden und unn\u00f6tiger Stress f\u00fcr Aktivist*innen k\u00f6nnte man meinen. Dennoch verweigerten in den letzten Jahren tausende die Angabe der Personalien, z.B. im Rahmen der Kampagne \u201eEnde Gel\u00e4nde\u201c. Damit stellt sich f\u00fcr die Antirepressionsarbeit eine alte Frage neu: Ist Personalienverweigerung ein angemessenes Mittel gegen Repression? Welche Konsequenzen sind damit verbunden?<\/p>\n\n\n\n<p><em>Mit Vertreter*innen des \u201eLegal Team f\u00fcr alle\u201c, die in den letzten Jahren die Antirepressionsarbeit bei den Ende Gel\u00e4nde Protesten koordinierten, wollen wir \u00fcber rechtliche Grundlagen, die bisherige Praxis und Risiken und Nebenwirkungen von Personalienverweigerung diskutieren.<\/em><\/p>\n\n\n\n<p>Eine Veranstaltung der Roten Hilfe e.V. Ortsgruppe Heilbronn<\/p>\n","protected":false},"excerpt":{"rendered":"<p>Freitag, 14. Februar 2020 \/\/ 19.00 Uhr \/\/ Soziales Zentrum K\u00e4the, Wollhausstr. 49, 74072 Heilbronn. Die Personalien bei einer Polizeikontrolle nicht anzugeben kann zu einer [&#8230;]<\/p>\n","protected":false},"author":1,"featured_media":2927,"comment_status":"closed","ping_status":"closed","sticky":false,"template":"","format":"standard","meta":{"footnotes":""},"categories":[18],"tags":[118,38,28],"class_list":["post-2923","post","type-post","status-publish","format-standard","has-post-thumbnail","hentry","category-archiv","tag-personalienverweigerung","tag-repression","tag-rote-hilfe"],"_links":{"self":[{"href":"https:\/\/sz-kaethe.org\/index.php?rest_route=\/wp\/v2\/posts\/2923","targetHints":{"allow":["GET"]}}],"collection":[{"href":"https:\/\/sz-kaethe.org\/index.php?rest_route=\/wp\/v2\/posts"}],"about":[{"href":"https:\/\/sz-kaethe.org\/index.php?rest_route=\/wp\/v2\/types\/post"}],"author":[{"embeddable":true,"href":"https:\/\/sz-kaethe.org\/index.php?rest_route=\/wp\/v2\/users\/1"}],"replies":[{"embeddable":true,"href":"https:\/\/sz-kaethe.org\/index.php?rest_route=%2Fwp%2Fv2%2Fcomments&post=2923"}],"version-history":[{"count":0,"href":"https:\/\/sz-kaethe.org\/index.php?rest_route=\/wp\/v2\/posts\/2923\/revisions"}],"wp:featuredmedia":[{"embeddable":true,"href":"https:\/\/sz-kaethe.org\/index.php?rest_route=\/wp\/v2\/media\/2927"}],"wp:attachment":[{"href":"https:\/\/sz-kaethe.org\/index.php?rest_route=%2Fwp%2Fv2%2Fmedia&parent=2923"}],"wp:term":[{"taxonomy":"category","embeddable":true,"href":"https:\/\/sz-kaethe.org\/index.php?rest_route=%2Fwp%2Fv2%2Fcategories&post=2923"},{"taxonomy":"post_tag","embeddable":true,"href":"https:\/\/sz-kaethe.org\/index.php?rest_route=%2Fwp%2Fv2%2Ftags&post=2923"}],"curies":[{"name":"wp","href":"https:\/\/api.w.org\/{rel}","templated":true}]}}