{"id":2939,"date":"2020-02-15T13:28:27","date_gmt":"2020-02-15T11:28:27","guid":{"rendered":"http:\/\/www.sz-kaethe.org\/?p=2939"},"modified":"2020-05-11T22:11:10","modified_gmt":"2020-05-11T20:11:10","slug":"10-jahre-soziales-zentrum-kaethe-safe-the-date","status":"publish","type":"post","link":"https:\/\/sz-kaethe.org\/?p=2939","title":{"rendered":"10 Jahre Soziales Zentrum K\u00e4the! &#8211; Save the date!"},"content":{"rendered":"\n<p>Am 1. September 2010 \u00f6ffnete die K\u00e4the in der Heilbronner Nordstadt zum ersten Mal ihre T\u00fcren, damals noch in der Dammstra\u00dfe 56. Unser 10-j\u00e4hriges Bestehen wollen wir geb\u00fchrend feiern. Zusammen mit allen, die die K\u00e4the nutzen, weiterentwickeln und mit Leben f\u00fcllen, planen wir f\u00fcr den 19. September 2020 ab 14.00 Uhr ein gro\u00dfes Haus- und Hoffest mit buntem Programm. Geplant sind verschiedene Infost\u00e4nde, Kinderprogramm, Vortr\u00e4ge, Hausf\u00fchrungen, Live Musik und nat\u00fcrlich leckeres Essen und Getr\u00e4nke. Weitere Informationen zum genauen Programm folgen. Save the date!<\/p>\n\n\n\n<p>Soziales Zentrum K\u00e4the<br>Wollhausstra\u00dfe 49 | 74072 Heilbronn<br>www.sz-kaethe.org<\/p>\n","protected":false},"excerpt":{"rendered":"<p>Am 1. September 2010 \u00f6ffnete die K\u00e4the in der Heilbronner Nordstadt zum ersten Mal ihre T\u00fcren, damals noch in der Dammstra\u00dfe 56. Unser 10-j\u00e4hriges Bestehen [&#8230;]<\/p>\n","protected":false},"author":1,"featured_media":2937,"comment_status":"closed","ping_status":"closed","sticky":false,"template":"","format":"standard","meta":{"footnotes":""},"categories":[18],"tags":[119,121],"class_list":["post-2939","post","type-post","status-publish","format-standard","has-post-thumbnail","hentry","category-archiv","tag-10-jahre","tag-soziales-zentrum-kaethe"],"_links":{"self":[{"href":"https:\/\/sz-kaethe.org\/index.php?rest_route=\/wp\/v2\/posts\/2939","targetHints":{"allow":["GET"]}}],"collection":[{"href":"https:\/\/sz-kaethe.org\/index.php?rest_route=\/wp\/v2\/posts"}],"about":[{"href":"https:\/\/sz-kaethe.org\/index.php?rest_route=\/wp\/v2\/types\/post"}],"author":[{"embeddable":true,"href":"https:\/\/sz-kaethe.org\/index.php?rest_route=\/wp\/v2\/users\/1"}],"replies":[{"embeddable":true,"href":"https:\/\/sz-kaethe.org\/index.php?rest_route=%2Fwp%2Fv2%2Fcomments&post=2939"}],"version-history":[{"count":0,"href":"https:\/\/sz-kaethe.org\/index.php?rest_route=\/wp\/v2\/posts\/2939\/revisions"}],"wp:featuredmedia":[{"embeddable":true,"href":"https:\/\/sz-kaethe.org\/index.php?rest_route=\/wp\/v2\/media\/2937"}],"wp:attachment":[{"href":"https:\/\/sz-kaethe.org\/index.php?rest_route=%2Fwp%2Fv2%2Fmedia&parent=2939"}],"wp:term":[{"taxonomy":"category","embeddable":true,"href":"https:\/\/sz-kaethe.org\/index.php?rest_route=%2Fwp%2Fv2%2Fcategories&post=2939"},{"taxonomy":"post_tag","embeddable":true,"href":"https:\/\/sz-kaethe.org\/index.php?rest_route=%2Fwp%2Fv2%2Ftags&post=2939"}],"curies":[{"name":"wp","href":"https:\/\/api.w.org\/{rel}","templated":true}]}}